{"id":976,"date":"2026-04-23T19:21:19","date_gmt":"2026-04-23T22:21:19","guid":{"rendered":"https:\/\/ameghino.uno\/index.php\/2026\/04\/23\/mojon-grande-entregaron-plantines-horticolas-para-fortalecer-la-produccion-de-feriantes\/"},"modified":"2026-04-23T19:21:19","modified_gmt":"2026-04-23T22:21:19","slug":"mojon-grande-entregaron-plantines-horticolas-para-fortalecer-la-produccion-de-feriantes","status":"publish","type":"post","link":"https:\/\/ameghino.uno\/index.php\/2026\/04\/23\/mojon-grande-entregaron-plantines-horticolas-para-fortalecer-la-produccion-de-feriantes\/","title":{"rendered":"Moj\u00f3n Grande: entregaron plantines hort\u00edcolas para fortalecer la producci\u00f3n de feriantes"},"content":{"rendered":"<div>\n<div>\n<p><strong><a href=\"https:\/\/agenciamisiones.uno\/\">AGENCIA MISIONES.UNO<\/a> | La iniciativa del IMaC busca impulsar la econom\u00eda familiar y optimizar los tiempos productivos en las chacras locales.<\/strong><\/p>\n<p>Desde la Coordinaci\u00f3n de Diversificaci\u00f3n Productiva del Instituto de Macroeconom\u00eda Circular (IMaC) se realiz\u00f3 la entrega de 70 bandejas de plantines hort\u00edcolas al municipio de Moj\u00f3n Grande, con el objetivo de fortalecer el trabajo de los feriantes de la zona.<\/p>\n<p>La actividad cont\u00f3 con la participaci\u00f3n del intendente Adri\u00e1n Sol\u00eds, quien junto al equipo t\u00e9cnico del organismo acompa\u00f1\u00f3 esta iniciativa orientada a potenciar la producci\u00f3n local y brindar herramientas concretas a los trabajadores rurales.<\/p>\n<p>Seg\u00fan indicaron, la entrega de plantines permite agilizar las tareas en la chacra al reducir los procesos iniciales de siembra, adelantar los tiempos del ciclo productivo y favorecer una cosecha m\u00e1s temprana, lo que garantiza la disponibilidad de productos frescos en el mercado en menor tiempo.<\/p>\n<p>Desde el IMaC destacaron que este tipo de acciones forman parte de una pol\u00edtica de acompa\u00f1amiento al desarrollo de los municipios, con el objetivo de transformar el esfuerzo de los productores en resultados concretos.<\/p>\n<p> <img decoding=\"async\" class=\"aligncenter size-full wp-image-9331\" src=\"https:\/\/ameghino.uno\/wp-content\/uploads\/2026\/04\/imac3.jpg\" sizes=\"(max-width: 640px) 100vw, 640px\" srcset=\"https:\/\/agenciamisiones.uno\/wp-content\/uploads\/2026\/04\/imac3-200x267.jpg 200w, https:\/\/agenciamisiones.uno\/wp-content\/uploads\/2026\/04\/imac3-225x300.jpg 225w, https:\/\/agenciamisiones.uno\/wp-content\/uploads\/2026\/04\/imac3-400x533.jpg 400w, https:\/\/agenciamisiones.uno\/wp-content\/uploads\/2026\/04\/imac3-600x800.jpg 600w, https:\/\/ameghino.uno\/wp-content\/uploads\/2026\/04\/imac3.jpg 640w\" alt=\"\" width=\"640\" height=\"853\"> <img decoding=\"async\" class=\"aligncenter size-full wp-image-9332\" src=\"https:\/\/ameghino.uno\/wp-content\/uploads\/2026\/04\/imac2.jpg\" sizes=\"(max-width: 640px) 100vw, 640px\" srcset=\"https:\/\/agenciamisiones.uno\/wp-content\/uploads\/2026\/04\/imac2-200x267.jpg 200w, https:\/\/agenciamisiones.uno\/wp-content\/uploads\/2026\/04\/imac2-225x300.jpg 225w, https:\/\/agenciamisiones.uno\/wp-content\/uploads\/2026\/04\/imac2-400x533.jpg 400w, https:\/\/agenciamisiones.uno\/wp-content\/uploads\/2026\/04\/imac2-600x800.jpg 600w, https:\/\/ameghino.uno\/wp-content\/uploads\/2026\/04\/imac2.jpg 640w\" alt=\"\" width=\"640\" height=\"853\"><img decoding=\"async\" class=\"aligncenter size-full wp-image-9333\" src=\"https:\/\/ameghino.uno\/wp-content\/uploads\/2026\/04\/imac1.jpg\" sizes=\"(max-width: 640px) 100vw, 640px\" srcset=\"https:\/\/agenciamisiones.uno\/wp-content\/uploads\/2026\/04\/imac1-200x267.jpg 200w, https:\/\/agenciamisiones.uno\/wp-content\/uploads\/2026\/04\/imac1-225x300.jpg 225w, https:\/\/agenciamisiones.uno\/wp-content\/uploads\/2026\/04\/imac1-400x533.jpg 400w, https:\/\/agenciamisiones.uno\/wp-content\/uploads\/2026\/04\/imac1-600x800.jpg 600w, https:\/\/ameghino.uno\/wp-content\/uploads\/2026\/04\/imac1.jpg 640w\" alt=\"\" width=\"640\" height=\"853\"><\/p>\n<p>Fuente: <a href=\"https:\/\/agenciamisiones.uno\/\">Agencia Misiones.uno<\/a>.<\/p>\n<\/div>\n<\/div>\n","protected":false},"excerpt":{"rendered":"<p>AGENCIA MISIONES.UNO | La iniciativa del IMaC busca impulsar la  [&#8230;]<\/p>\n","protected":false},"author":1,"featured_media":977,"comment_status":"closed","ping_status":"closed","sticky":false,"template":"","format":"standard","meta":{"fifu_image_url":"","fifu_image_alt":"","footnotes":""},"categories":[138,69,73,137,126],"tags":[],"class_list":["post-976","post","type-post","status-publish","format-standard","has-post-thumbnail","hentry","category-agro","category-gobierno-de-misiones","category-misionesagro-uno","category-mojon-grande","category-red-san-javier"],"acf":[],"yoast_head":"<!-- This site is optimized with the Yoast SEO plugin v26.8 - https:\/\/yoast.com\/product\/yoast-seo-wordpress\/ -->\n<title>Moj\u00f3n Grande: entregaron plantines hort\u00edcolas para fortalecer la producci\u00f3n de feriantes - Ameghino .UNO - Red Misiones.uno<\/title>\n<meta name=\"robots\" content=\"index, follow, max-snippet:-1, max-image-preview:large, max-video-preview:-1\" \/>\n<link rel=\"canonical\" href=\"https:\/\/ameghino.uno\/index.php\/2026\/04\/23\/mojon-grande-entregaron-plantines-horticolas-para-fortalecer-la-produccion-de-feriantes\/\" \/>\n<meta property=\"og:locale\" content=\"es_ES\" \/>\n<meta property=\"og:type\" content=\"article\" \/>\n<meta property=\"og:title\" content=\"Moj\u00f3n Grande: entregaron plantines hort\u00edcolas para fortalecer la producci\u00f3n de feriantes - Ameghino .UNO - Red Misiones.uno\" \/>\n<meta property=\"og:description\" content=\"AGENCIA MISIONES.UNO | La iniciativa del IMaC busca impulsar la [...]\" \/>\n<meta property=\"og:url\" content=\"https:\/\/ameghino.uno\/index.php\/2026\/04\/23\/mojon-grande-entregaron-plantines-horticolas-para-fortalecer-la-produccion-de-feriantes\/\" \/>\n<meta property=\"og:site_name\" content=\"Ameghino .UNO - Red Misiones.uno\" \/>\n<meta property=\"article:published_time\" content=\"2026-04-23T22:21:19+00:00\" \/>\n<meta name=\"author\" content=\"admin\" \/>\n<meta name=\"twitter:card\" content=\"summary_large_image\" \/>\n<meta name=\"twitter:label1\" content=\"Escrito por\" \/>\n\t<meta name=\"twitter:data1\" content=\"admin\" \/>\n\t<meta name=\"twitter:label2\" content=\"Tiempo de lectura\" \/>\n\t<meta name=\"twitter:data2\" content=\"1 minuto\" \/>\n<script type=\"application\/ld+json\" class=\"yoast-schema-graph\">{\"@context\":\"https:\/\/schema.org\",\"@graph\":[{\"@type\":\"Article\",\"@id\":\"https:\/\/ameghino.uno\/index.php\/2026\/04\/23\/mojon-grande-entregaron-plantines-horticolas-para-fortalecer-la-produccion-de-feriantes\/#article\",\"isPartOf\":{\"@id\":\"https:\/\/ameghino.uno\/index.php\/2026\/04\/23\/mojon-grande-entregaron-plantines-horticolas-para-fortalecer-la-produccion-de-feriantes\/\"},\"author\":{\"name\":\"admin\",\"@id\":\"https:\/\/ameghino.uno\/#\/schema\/person\/34d9a5f64b4e1aec8cf2f7b857eb3fc2\"},\"headline\":\"Moj\u00f3n Grande: entregaron plantines hort\u00edcolas para fortalecer la producci\u00f3n de feriantes\",\"datePublished\":\"2026-04-23T22:21:19+00:00\",\"mainEntityOfPage\":{\"@id\":\"https:\/\/ameghino.uno\/index.php\/2026\/04\/23\/mojon-grande-entregaron-plantines-horticolas-para-fortalecer-la-produccion-de-feriantes\/\"},\"wordCount\":207,\"image\":{\"@id\":\"https:\/\/ameghino.uno\/index.php\/2026\/04\/23\/mojon-grande-entregaron-plantines-horticolas-para-fortalecer-la-produccion-de-feriantes\/#primaryimage\"},\"thumbnailUrl\":\"https:\/\/ameghino.uno\/wp-content\/uploads\/2026\/04\/imac4.jpg\",\"articleSection\":[\"Agro\",\"Gobierno de Misiones\",\"MISIONESAGRO.UNO\",\"Moj\u00f3n Grande\",\"Red San Javier\"],\"inLanguage\":\"es-AR\"},{\"@type\":\"WebPage\",\"@id\":\"https:\/\/ameghino.uno\/index.php\/2026\/04\/23\/mojon-grande-entregaron-plantines-horticolas-para-fortalecer-la-produccion-de-feriantes\/\",\"url\":\"https:\/\/ameghino.uno\/index.php\/2026\/04\/23\/mojon-grande-entregaron-plantines-horticolas-para-fortalecer-la-produccion-de-feriantes\/\",\"name\":\"Moj\u00f3n Grande: entregaron plantines hort\u00edcolas para fortalecer la producci\u00f3n de feriantes - Ameghino .UNO - Red Misiones.uno\",\"isPartOf\":{\"@id\":\"https:\/\/ameghino.uno\/#website\"},\"primaryImageOfPage\":{\"@id\":\"https:\/\/ameghino.uno\/index.php\/2026\/04\/23\/mojon-grande-entregaron-plantines-horticolas-para-fortalecer-la-produccion-de-feriantes\/#primaryimage\"},\"image\":{\"@id\":\"https:\/\/ameghino.uno\/index.php\/2026\/04\/23\/mojon-grande-entregaron-plantines-horticolas-para-fortalecer-la-produccion-de-feriantes\/#primaryimage\"},\"thumbnailUrl\":\"https:\/\/ameghino.uno\/wp-content\/uploads\/2026\/04\/imac4.jpg\",\"datePublished\":\"2026-04-23T22:21:19+00:00\",\"author\":{\"@id\":\"https:\/\/ameghino.uno\/#\/schema\/person\/34d9a5f64b4e1aec8cf2f7b857eb3fc2\"},\"breadcrumb\":{\"@id\":\"https:\/\/ameghino.uno\/index.php\/2026\/04\/23\/mojon-grande-entregaron-plantines-horticolas-para-fortalecer-la-produccion-de-feriantes\/#breadcrumb\"},\"inLanguage\":\"es-AR\",\"potentialAction\":[{\"@type\":\"ReadAction\",\"target\":[\"https:\/\/ameghino.uno\/index.php\/2026\/04\/23\/mojon-grande-entregaron-plantines-horticolas-para-fortalecer-la-produccion-de-feriantes\/\"]}]},{\"@type\":\"ImageObject\",\"inLanguage\":\"es-AR\",\"@id\":\"https:\/\/ameghino.uno\/index.php\/2026\/04\/23\/mojon-grande-entregaron-plantines-horticolas-para-fortalecer-la-produccion-de-feriantes\/#primaryimage\",\"url\":\"https:\/\/ameghino.uno\/wp-content\/uploads\/2026\/04\/imac4.jpg\",\"contentUrl\":\"https:\/\/ameghino.uno\/wp-content\/uploads\/2026\/04\/imac4.jpg\",\"width\":640,\"height\":853},{\"@type\":\"BreadcrumbList\",\"@id\":\"https:\/\/ameghino.uno\/index.php\/2026\/04\/23\/mojon-grande-entregaron-plantines-horticolas-para-fortalecer-la-produccion-de-feriantes\/#breadcrumb\",\"itemListElement\":[{\"@type\":\"ListItem\",\"position\":1,\"name\":\"Inicio\",\"item\":\"https:\/\/ameghino.uno\/\"},{\"@type\":\"ListItem\",\"position\":2,\"name\":\"Moj\u00f3n Grande: entregaron plantines hort\u00edcolas para fortalecer la producci\u00f3n de feriantes\"}]},{\"@type\":\"WebSite\",\"@id\":\"https:\/\/ameghino.uno\/#website\",\"url\":\"https:\/\/ameghino.uno\/\",\"name\":\"Ameghino .UNO - Red Misiones.uno\",\"description\":\"Noticias de Florentino Ameghino\",\"potentialAction\":[{\"@type\":\"SearchAction\",\"target\":{\"@type\":\"EntryPoint\",\"urlTemplate\":\"https:\/\/ameghino.uno\/?s={search_term_string}\"},\"query-input\":{\"@type\":\"PropertyValueSpecification\",\"valueRequired\":true,\"valueName\":\"search_term_string\"}}],\"inLanguage\":\"es-AR\"},{\"@type\":\"Person\",\"@id\":\"https:\/\/ameghino.uno\/#\/schema\/person\/34d9a5f64b4e1aec8cf2f7b857eb3fc2\",\"name\":\"admin\",\"image\":{\"@type\":\"ImageObject\",\"inLanguage\":\"es-AR\",\"@id\":\"https:\/\/ameghino.uno\/#\/schema\/person\/image\/\",\"url\":\"https:\/\/secure.gravatar.com\/avatar\/988cc68d97727f2265e15e4e04f35d45d93f5493d81192c37b6fcdf6407dba8c?s=96&d=mm&r=g\",\"contentUrl\":\"https:\/\/secure.gravatar.com\/avatar\/988cc68d97727f2265e15e4e04f35d45d93f5493d81192c37b6fcdf6407dba8c?s=96&d=mm&r=g\",\"caption\":\"admin\"},\"sameAs\":[\"http:\/\/ameghino.uno\"],\"url\":\"https:\/\/ameghino.uno\/index.php\/author\/admin\/\"}]}<\/script>\n<!-- \/ Yoast SEO plugin. -->","yoast_head_json":{"title":"Moj\u00f3n Grande: entregaron plantines hort\u00edcolas para fortalecer la producci\u00f3n de feriantes - Ameghino .UNO - Red Misiones.uno","robots":{"index":"index","follow":"follow","max-snippet":"max-snippet:-1","max-image-preview":"max-image-preview:large","max-video-preview":"max-video-preview:-1"},"canonical":"https:\/\/ameghino.uno\/index.php\/2026\/04\/23\/mojon-grande-entregaron-plantines-horticolas-para-fortalecer-la-produccion-de-feriantes\/","og_locale":"es_ES","og_type":"article","og_title":"Moj\u00f3n Grande: entregaron plantines hort\u00edcolas para fortalecer la producci\u00f3n de feriantes - Ameghino .UNO - Red Misiones.uno","og_description":"AGENCIA MISIONES.UNO | La iniciativa del IMaC busca impulsar la [...]","og_url":"https:\/\/ameghino.uno\/index.php\/2026\/04\/23\/mojon-grande-entregaron-plantines-horticolas-para-fortalecer-la-produccion-de-feriantes\/","og_site_name":"Ameghino .UNO - Red Misiones.uno","article_published_time":"2026-04-23T22:21:19+00:00","author":"admin","twitter_card":"summary_large_image","twitter_misc":{"Escrito por":"admin","Tiempo de lectura":"1 minuto"},"schema":{"@context":"https:\/\/schema.org","@graph":[{"@type":"Article","@id":"https:\/\/ameghino.uno\/index.php\/2026\/04\/23\/mojon-grande-entregaron-plantines-horticolas-para-fortalecer-la-produccion-de-feriantes\/#article","isPartOf":{"@id":"https:\/\/ameghino.uno\/index.php\/2026\/04\/23\/mojon-grande-entregaron-plantines-horticolas-para-fortalecer-la-produccion-de-feriantes\/"},"author":{"name":"admin","@id":"https:\/\/ameghino.uno\/#\/schema\/person\/34d9a5f64b4e1aec8cf2f7b857eb3fc2"},"headline":"Moj\u00f3n Grande: entregaron plantines hort\u00edcolas para fortalecer la producci\u00f3n de feriantes","datePublished":"2026-04-23T22:21:19+00:00","mainEntityOfPage":{"@id":"https:\/\/ameghino.uno\/index.php\/2026\/04\/23\/mojon-grande-entregaron-plantines-horticolas-para-fortalecer-la-produccion-de-feriantes\/"},"wordCount":207,"image":{"@id":"https:\/\/ameghino.uno\/index.php\/2026\/04\/23\/mojon-grande-entregaron-plantines-horticolas-para-fortalecer-la-produccion-de-feriantes\/#primaryimage"},"thumbnailUrl":"https:\/\/ameghino.uno\/wp-content\/uploads\/2026\/04\/imac4.jpg","articleSection":["Agro","Gobierno de Misiones","MISIONESAGRO.UNO","Moj\u00f3n Grande","Red San Javier"],"inLanguage":"es-AR"},{"@type":"WebPage","@id":"https:\/\/ameghino.uno\/index.php\/2026\/04\/23\/mojon-grande-entregaron-plantines-horticolas-para-fortalecer-la-produccion-de-feriantes\/","url":"https:\/\/ameghino.uno\/index.php\/2026\/04\/23\/mojon-grande-entregaron-plantines-horticolas-para-fortalecer-la-produccion-de-feriantes\/","name":"Moj\u00f3n Grande: entregaron plantines hort\u00edcolas para fortalecer la producci\u00f3n de feriantes - Ameghino .UNO - Red Misiones.uno","isPartOf":{"@id":"https:\/\/ameghino.uno\/#website"},"primaryImageOfPage":{"@id":"https:\/\/ameghino.uno\/index.php\/2026\/04\/23\/mojon-grande-entregaron-plantines-horticolas-para-fortalecer-la-produccion-de-feriantes\/#primaryimage"},"image":{"@id":"https:\/\/ameghino.uno\/index.php\/2026\/04\/23\/mojon-grande-entregaron-plantines-horticolas-para-fortalecer-la-produccion-de-feriantes\/#primaryimage"},"thumbnailUrl":"https:\/\/ameghino.uno\/wp-content\/uploads\/2026\/04\/imac4.jpg","datePublished":"2026-04-23T22:21:19+00:00","author":{"@id":"https:\/\/ameghino.uno\/#\/schema\/person\/34d9a5f64b4e1aec8cf2f7b857eb3fc2"},"breadcrumb":{"@id":"https:\/\/ameghino.uno\/index.php\/2026\/04\/23\/mojon-grande-entregaron-plantines-horticolas-para-fortalecer-la-produccion-de-feriantes\/#breadcrumb"},"inLanguage":"es-AR","potentialAction":[{"@type":"ReadAction","target":["https:\/\/ameghino.uno\/index.php\/2026\/04\/23\/mojon-grande-entregaron-plantines-horticolas-para-fortalecer-la-produccion-de-feriantes\/"]}]},{"@type":"ImageObject","inLanguage":"es-AR","@id":"https:\/\/ameghino.uno\/index.php\/2026\/04\/23\/mojon-grande-entregaron-plantines-horticolas-para-fortalecer-la-produccion-de-feriantes\/#primaryimage","url":"https:\/\/ameghino.uno\/wp-content\/uploads\/2026\/04\/imac4.jpg","contentUrl":"https:\/\/ameghino.uno\/wp-content\/uploads\/2026\/04\/imac4.jpg","width":640,"height":853},{"@type":"BreadcrumbList","@id":"https:\/\/ameghino.uno\/index.php\/2026\/04\/23\/mojon-grande-entregaron-plantines-horticolas-para-fortalecer-la-produccion-de-feriantes\/#breadcrumb","itemListElement":[{"@type":"ListItem","position":1,"name":"Inicio","item":"https:\/\/ameghino.uno\/"},{"@type":"ListItem","position":2,"name":"Moj\u00f3n Grande: entregaron plantines hort\u00edcolas para fortalecer la producci\u00f3n de feriantes"}]},{"@type":"WebSite","@id":"https:\/\/ameghino.uno\/#website","url":"https:\/\/ameghino.uno\/","name":"Ameghino .UNO - Red Misiones.uno","description":"Noticias de Florentino Ameghino","potentialAction":[{"@type":"SearchAction","target":{"@type":"EntryPoint","urlTemplate":"https:\/\/ameghino.uno\/?s={search_term_string}"},"query-input":{"@type":"PropertyValueSpecification","valueRequired":true,"valueName":"search_term_string"}}],"inLanguage":"es-AR"},{"@type":"Person","@id":"https:\/\/ameghino.uno\/#\/schema\/person\/34d9a5f64b4e1aec8cf2f7b857eb3fc2","name":"admin","image":{"@type":"ImageObject","inLanguage":"es-AR","@id":"https:\/\/ameghino.uno\/#\/schema\/person\/image\/","url":"https:\/\/secure.gravatar.com\/avatar\/988cc68d97727f2265e15e4e04f35d45d93f5493d81192c37b6fcdf6407dba8c?s=96&d=mm&r=g","contentUrl":"https:\/\/secure.gravatar.com\/avatar\/988cc68d97727f2265e15e4e04f35d45d93f5493d81192c37b6fcdf6407dba8c?s=96&d=mm&r=g","caption":"admin"},"sameAs":["http:\/\/ameghino.uno"],"url":"https:\/\/ameghino.uno\/index.php\/author\/admin\/"}]}},"_links":{"self":[{"href":"https:\/\/ameghino.uno\/index.php\/wp-json\/wp\/v2\/posts\/976","targetHints":{"allow":["GET"]}}],"collection":[{"href":"https:\/\/ameghino.uno\/index.php\/wp-json\/wp\/v2\/posts"}],"about":[{"href":"https:\/\/ameghino.uno\/index.php\/wp-json\/wp\/v2\/types\/post"}],"author":[{"embeddable":true,"href":"https:\/\/ameghino.uno\/index.php\/wp-json\/wp\/v2\/users\/1"}],"replies":[{"embeddable":true,"href":"https:\/\/ameghino.uno\/index.php\/wp-json\/wp\/v2\/comments?post=976"}],"version-history":[{"count":0,"href":"https:\/\/ameghino.uno\/index.php\/wp-json\/wp\/v2\/posts\/976\/revisions"}],"wp:featuredmedia":[{"embeddable":true,"href":"https:\/\/ameghino.uno\/index.php\/wp-json\/wp\/v2\/media\/977"}],"wp:attachment":[{"href":"https:\/\/ameghino.uno\/index.php\/wp-json\/wp\/v2\/media?parent=976"}],"wp:term":[{"taxonomy":"category","embeddable":true,"href":"https:\/\/ameghino.uno\/index.php\/wp-json\/wp\/v2\/categories?post=976"},{"taxonomy":"post_tag","embeddable":true,"href":"https:\/\/ameghino.uno\/index.php\/wp-json\/wp\/v2\/tags?post=976"}],"curies":[{"name":"wp","href":"https:\/\/api.w.org\/{rel}","templated":true}]}}