{"id":782,"date":"2025-12-19T11:31:30","date_gmt":"2025-12-19T14:31:30","guid":{"rendered":"https:\/\/ameghino.uno\/index.php\/2025\/12\/19\/dos-hombres-detenidos-tras-provocar-disturbios-en-la-via-publica\/"},"modified":"2025-12-19T11:31:30","modified_gmt":"2025-12-19T14:31:30","slug":"dos-hombres-detenidos-tras-provocar-disturbios-en-la-via-publica","status":"publish","type":"post","link":"https:\/\/ameghino.uno\/index.php\/2025\/12\/19\/dos-hombres-detenidos-tras-provocar-disturbios-en-la-via-publica\/","title":{"rendered":"Dos hombres detenidos tras provocar disturbios en la v\u00eda p\u00fablica"},"content":{"rendered":"<div>\n<p><!--StartFragment --><\/p>\n<p><strong>MISIONES.UNO \u2013 En Ober\u00e1 y Florentino Ameghino, la polic\u00eda intervino en distintos hechos ocurridos durante la noche que terminaron con la detenci\u00f3n de dos hombres de 26 y 27 a\u00f1os, quienes quedaron a disposici\u00f3n de la Justicia de Paz.<\/strong><\/p>\n<hr>\n<p>La primera intervenci\u00f3n se registr\u00f3 en la calle Vice Comodoro Marambio de Ober\u00e1, donde efectivos del Comando Centro acudieron al llamado de una mujer que denunci\u00f3 haber sido hostigada por un joven. Al llegar al lugar, los uniformados detuvieron a Ezequiel A. (26), conocido como \u201cNeymar\u201d, quien estaba generando disturbios y minutos antes hab\u00eda perseguido a la denunciante con insultos.<\/p>\n<p>El segundo procedimiento se concret\u00f3 alrededor de las 23:40 en el Barrio Nuevo de Florentino Ameghino. All\u00ed, Walter A. (27), oriundo de Villa Bonita, se encontraba alterando el orden p\u00fablico. Seg\u00fan informaron las autoridades, el hombre incitaba a pelear a los vecinos mediante gritos e insultos, y se hallaba bajo los efectos del alcohol.<\/p>\n<p>Ambos detenidos fueron trasladados a la comisar\u00eda correspondiente, donde permanecen alojados a disposici\u00f3n de la autoridad judicial competente.<!--EndFragment --><\/p>\n<\/div>\n","protected":false},"excerpt":{"rendered":"<p>MISIONES.UNO \u2013 En Ober\u00e1 y Florentino Ameghino, la polic\u00eda intervino  [&#8230;]<\/p>\n","protected":false},"author":1,"featured_media":783,"comment_status":"closed","ping_status":"closed","sticky":false,"template":"","format":"standard","meta":{"fifu_image_url":"","fifu_image_alt":"","footnotes":""},"categories":[118,6,17,15],"tags":[],"class_list":["post-782","post","type-post","status-publish","format-standard","has-post-thumbnail","hentry","category-f-ameghino","category-misiones-uno","category-obera","category-policiales"],"acf":[],"yoast_head":"<!-- This site is optimized with the Yoast SEO plugin v26.8 - https:\/\/yoast.com\/product\/yoast-seo-wordpress\/ -->\n<title>Dos hombres detenidos tras provocar disturbios en la v\u00eda p\u00fablica - Ameghino .UNO - Red Misiones.uno<\/title>\n<meta name=\"robots\" content=\"index, follow, max-snippet:-1, max-image-preview:large, max-video-preview:-1\" \/>\n<link rel=\"canonical\" href=\"https:\/\/ameghino.uno\/index.php\/2025\/12\/19\/dos-hombres-detenidos-tras-provocar-disturbios-en-la-via-publica\/\" \/>\n<meta property=\"og:locale\" content=\"es_ES\" \/>\n<meta property=\"og:type\" content=\"article\" \/>\n<meta property=\"og:title\" content=\"Dos hombres detenidos tras provocar disturbios en la v\u00eda p\u00fablica - Ameghino .UNO - Red Misiones.uno\" \/>\n<meta property=\"og:description\" content=\"MISIONES.UNO \u2013 En Ober\u00e1 y Florentino Ameghino, la polic\u00eda intervino [...]\" \/>\n<meta property=\"og:url\" content=\"https:\/\/ameghino.uno\/index.php\/2025\/12\/19\/dos-hombres-detenidos-tras-provocar-disturbios-en-la-via-publica\/\" \/>\n<meta property=\"og:site_name\" content=\"Ameghino .UNO - Red Misiones.uno\" \/>\n<meta property=\"article:published_time\" content=\"2025-12-19T14:31:30+00:00\" \/>\n<meta name=\"author\" content=\"admin\" \/>\n<meta name=\"twitter:card\" content=\"summary_large_image\" \/>\n<meta name=\"twitter:label1\" content=\"Escrito por\" \/>\n\t<meta name=\"twitter:data1\" content=\"admin\" \/>\n\t<meta name=\"twitter:label2\" content=\"Tiempo de lectura\" \/>\n\t<meta name=\"twitter:data2\" content=\"1 minuto\" \/>\n<script type=\"application\/ld+json\" class=\"yoast-schema-graph\">{\"@context\":\"https:\/\/schema.org\",\"@graph\":[{\"@type\":\"Article\",\"@id\":\"https:\/\/ameghino.uno\/index.php\/2025\/12\/19\/dos-hombres-detenidos-tras-provocar-disturbios-en-la-via-publica\/#article\",\"isPartOf\":{\"@id\":\"https:\/\/ameghino.uno\/index.php\/2025\/12\/19\/dos-hombres-detenidos-tras-provocar-disturbios-en-la-via-publica\/\"},\"author\":{\"name\":\"admin\",\"@id\":\"https:\/\/ameghino.uno\/#\/schema\/person\/34d9a5f64b4e1aec8cf2f7b857eb3fc2\"},\"headline\":\"Dos hombres detenidos tras provocar disturbios en la v\u00eda p\u00fablica\",\"datePublished\":\"2025-12-19T14:31:30+00:00\",\"mainEntityOfPage\":{\"@id\":\"https:\/\/ameghino.uno\/index.php\/2025\/12\/19\/dos-hombres-detenidos-tras-provocar-disturbios-en-la-via-publica\/\"},\"wordCount\":188,\"image\":{\"@id\":\"https:\/\/ameghino.uno\/index.php\/2025\/12\/19\/dos-hombres-detenidos-tras-provocar-disturbios-en-la-via-publica\/#primaryimage\"},\"thumbnailUrl\":\"https:\/\/ameghino.uno\/wp-content\/uploads\/2026\/02\/OBERA-1.jpg\",\"articleSection\":[\"F. Ameghino\",\"MISIONES.UNO\",\"Ober\u00e1\",\"Policiales\"],\"inLanguage\":\"es-AR\"},{\"@type\":\"WebPage\",\"@id\":\"https:\/\/ameghino.uno\/index.php\/2025\/12\/19\/dos-hombres-detenidos-tras-provocar-disturbios-en-la-via-publica\/\",\"url\":\"https:\/\/ameghino.uno\/index.php\/2025\/12\/19\/dos-hombres-detenidos-tras-provocar-disturbios-en-la-via-publica\/\",\"name\":\"Dos hombres detenidos tras provocar disturbios en la v\u00eda p\u00fablica - Ameghino .UNO - Red Misiones.uno\",\"isPartOf\":{\"@id\":\"https:\/\/ameghino.uno\/#website\"},\"primaryImageOfPage\":{\"@id\":\"https:\/\/ameghino.uno\/index.php\/2025\/12\/19\/dos-hombres-detenidos-tras-provocar-disturbios-en-la-via-publica\/#primaryimage\"},\"image\":{\"@id\":\"https:\/\/ameghino.uno\/index.php\/2025\/12\/19\/dos-hombres-detenidos-tras-provocar-disturbios-en-la-via-publica\/#primaryimage\"},\"thumbnailUrl\":\"https:\/\/ameghino.uno\/wp-content\/uploads\/2026\/02\/OBERA-1.jpg\",\"datePublished\":\"2025-12-19T14:31:30+00:00\",\"author\":{\"@id\":\"https:\/\/ameghino.uno\/#\/schema\/person\/34d9a5f64b4e1aec8cf2f7b857eb3fc2\"},\"breadcrumb\":{\"@id\":\"https:\/\/ameghino.uno\/index.php\/2025\/12\/19\/dos-hombres-detenidos-tras-provocar-disturbios-en-la-via-publica\/#breadcrumb\"},\"inLanguage\":\"es-AR\",\"potentialAction\":[{\"@type\":\"ReadAction\",\"target\":[\"https:\/\/ameghino.uno\/index.php\/2025\/12\/19\/dos-hombres-detenidos-tras-provocar-disturbios-en-la-via-publica\/\"]}]},{\"@type\":\"ImageObject\",\"inLanguage\":\"es-AR\",\"@id\":\"https:\/\/ameghino.uno\/index.php\/2025\/12\/19\/dos-hombres-detenidos-tras-provocar-disturbios-en-la-via-publica\/#primaryimage\",\"url\":\"https:\/\/ameghino.uno\/wp-content\/uploads\/2026\/02\/OBERA-1.jpg\",\"contentUrl\":\"https:\/\/ameghino.uno\/wp-content\/uploads\/2026\/02\/OBERA-1.jpg\",\"width\":640,\"height\":800},{\"@type\":\"BreadcrumbList\",\"@id\":\"https:\/\/ameghino.uno\/index.php\/2025\/12\/19\/dos-hombres-detenidos-tras-provocar-disturbios-en-la-via-publica\/#breadcrumb\",\"itemListElement\":[{\"@type\":\"ListItem\",\"position\":1,\"name\":\"Inicio\",\"item\":\"https:\/\/ameghino.uno\/\"},{\"@type\":\"ListItem\",\"position\":2,\"name\":\"Dos hombres detenidos tras provocar disturbios en la v\u00eda p\u00fablica\"}]},{\"@type\":\"WebSite\",\"@id\":\"https:\/\/ameghino.uno\/#website\",\"url\":\"https:\/\/ameghino.uno\/\",\"name\":\"Ameghino .UNO - Red Misiones.uno\",\"description\":\"Noticias de Florentino Ameghino\",\"potentialAction\":[{\"@type\":\"SearchAction\",\"target\":{\"@type\":\"EntryPoint\",\"urlTemplate\":\"https:\/\/ameghino.uno\/?s={search_term_string}\"},\"query-input\":{\"@type\":\"PropertyValueSpecification\",\"valueRequired\":true,\"valueName\":\"search_term_string\"}}],\"inLanguage\":\"es-AR\"},{\"@type\":\"Person\",\"@id\":\"https:\/\/ameghino.uno\/#\/schema\/person\/34d9a5f64b4e1aec8cf2f7b857eb3fc2\",\"name\":\"admin\",\"image\":{\"@type\":\"ImageObject\",\"inLanguage\":\"es-AR\",\"@id\":\"https:\/\/ameghino.uno\/#\/schema\/person\/image\/\",\"url\":\"https:\/\/secure.gravatar.com\/avatar\/988cc68d97727f2265e15e4e04f35d45d93f5493d81192c37b6fcdf6407dba8c?s=96&d=mm&r=g\",\"contentUrl\":\"https:\/\/secure.gravatar.com\/avatar\/988cc68d97727f2265e15e4e04f35d45d93f5493d81192c37b6fcdf6407dba8c?s=96&d=mm&r=g\",\"caption\":\"admin\"},\"sameAs\":[\"http:\/\/ameghino.uno\"],\"url\":\"https:\/\/ameghino.uno\/index.php\/author\/admin\/\"}]}<\/script>\n<!-- \/ Yoast SEO plugin. -->","yoast_head_json":{"title":"Dos hombres detenidos tras provocar disturbios en la v\u00eda p\u00fablica - Ameghino .UNO - Red Misiones.uno","robots":{"index":"index","follow":"follow","max-snippet":"max-snippet:-1","max-image-preview":"max-image-preview:large","max-video-preview":"max-video-preview:-1"},"canonical":"https:\/\/ameghino.uno\/index.php\/2025\/12\/19\/dos-hombres-detenidos-tras-provocar-disturbios-en-la-via-publica\/","og_locale":"es_ES","og_type":"article","og_title":"Dos hombres detenidos tras provocar disturbios en la v\u00eda p\u00fablica - Ameghino .UNO - Red Misiones.uno","og_description":"MISIONES.UNO \u2013 En Ober\u00e1 y Florentino Ameghino, la polic\u00eda intervino [...]","og_url":"https:\/\/ameghino.uno\/index.php\/2025\/12\/19\/dos-hombres-detenidos-tras-provocar-disturbios-en-la-via-publica\/","og_site_name":"Ameghino .UNO - Red Misiones.uno","article_published_time":"2025-12-19T14:31:30+00:00","author":"admin","twitter_card":"summary_large_image","twitter_misc":{"Escrito por":"admin","Tiempo de lectura":"1 minuto"},"schema":{"@context":"https:\/\/schema.org","@graph":[{"@type":"Article","@id":"https:\/\/ameghino.uno\/index.php\/2025\/12\/19\/dos-hombres-detenidos-tras-provocar-disturbios-en-la-via-publica\/#article","isPartOf":{"@id":"https:\/\/ameghino.uno\/index.php\/2025\/12\/19\/dos-hombres-detenidos-tras-provocar-disturbios-en-la-via-publica\/"},"author":{"name":"admin","@id":"https:\/\/ameghino.uno\/#\/schema\/person\/34d9a5f64b4e1aec8cf2f7b857eb3fc2"},"headline":"Dos hombres detenidos tras provocar disturbios en la v\u00eda p\u00fablica","datePublished":"2025-12-19T14:31:30+00:00","mainEntityOfPage":{"@id":"https:\/\/ameghino.uno\/index.php\/2025\/12\/19\/dos-hombres-detenidos-tras-provocar-disturbios-en-la-via-publica\/"},"wordCount":188,"image":{"@id":"https:\/\/ameghino.uno\/index.php\/2025\/12\/19\/dos-hombres-detenidos-tras-provocar-disturbios-en-la-via-publica\/#primaryimage"},"thumbnailUrl":"https:\/\/ameghino.uno\/wp-content\/uploads\/2026\/02\/OBERA-1.jpg","articleSection":["F. Ameghino","MISIONES.UNO","Ober\u00e1","Policiales"],"inLanguage":"es-AR"},{"@type":"WebPage","@id":"https:\/\/ameghino.uno\/index.php\/2025\/12\/19\/dos-hombres-detenidos-tras-provocar-disturbios-en-la-via-publica\/","url":"https:\/\/ameghino.uno\/index.php\/2025\/12\/19\/dos-hombres-detenidos-tras-provocar-disturbios-en-la-via-publica\/","name":"Dos hombres detenidos tras provocar disturbios en la v\u00eda p\u00fablica - Ameghino .UNO - Red Misiones.uno","isPartOf":{"@id":"https:\/\/ameghino.uno\/#website"},"primaryImageOfPage":{"@id":"https:\/\/ameghino.uno\/index.php\/2025\/12\/19\/dos-hombres-detenidos-tras-provocar-disturbios-en-la-via-publica\/#primaryimage"},"image":{"@id":"https:\/\/ameghino.uno\/index.php\/2025\/12\/19\/dos-hombres-detenidos-tras-provocar-disturbios-en-la-via-publica\/#primaryimage"},"thumbnailUrl":"https:\/\/ameghino.uno\/wp-content\/uploads\/2026\/02\/OBERA-1.jpg","datePublished":"2025-12-19T14:31:30+00:00","author":{"@id":"https:\/\/ameghino.uno\/#\/schema\/person\/34d9a5f64b4e1aec8cf2f7b857eb3fc2"},"breadcrumb":{"@id":"https:\/\/ameghino.uno\/index.php\/2025\/12\/19\/dos-hombres-detenidos-tras-provocar-disturbios-en-la-via-publica\/#breadcrumb"},"inLanguage":"es-AR","potentialAction":[{"@type":"ReadAction","target":["https:\/\/ameghino.uno\/index.php\/2025\/12\/19\/dos-hombres-detenidos-tras-provocar-disturbios-en-la-via-publica\/"]}]},{"@type":"ImageObject","inLanguage":"es-AR","@id":"https:\/\/ameghino.uno\/index.php\/2025\/12\/19\/dos-hombres-detenidos-tras-provocar-disturbios-en-la-via-publica\/#primaryimage","url":"https:\/\/ameghino.uno\/wp-content\/uploads\/2026\/02\/OBERA-1.jpg","contentUrl":"https:\/\/ameghino.uno\/wp-content\/uploads\/2026\/02\/OBERA-1.jpg","width":640,"height":800},{"@type":"BreadcrumbList","@id":"https:\/\/ameghino.uno\/index.php\/2025\/12\/19\/dos-hombres-detenidos-tras-provocar-disturbios-en-la-via-publica\/#breadcrumb","itemListElement":[{"@type":"ListItem","position":1,"name":"Inicio","item":"https:\/\/ameghino.uno\/"},{"@type":"ListItem","position":2,"name":"Dos hombres detenidos tras provocar disturbios en la v\u00eda p\u00fablica"}]},{"@type":"WebSite","@id":"https:\/\/ameghino.uno\/#website","url":"https:\/\/ameghino.uno\/","name":"Ameghino .UNO - Red Misiones.uno","description":"Noticias de Florentino Ameghino","potentialAction":[{"@type":"SearchAction","target":{"@type":"EntryPoint","urlTemplate":"https:\/\/ameghino.uno\/?s={search_term_string}"},"query-input":{"@type":"PropertyValueSpecification","valueRequired":true,"valueName":"search_term_string"}}],"inLanguage":"es-AR"},{"@type":"Person","@id":"https:\/\/ameghino.uno\/#\/schema\/person\/34d9a5f64b4e1aec8cf2f7b857eb3fc2","name":"admin","image":{"@type":"ImageObject","inLanguage":"es-AR","@id":"https:\/\/ameghino.uno\/#\/schema\/person\/image\/","url":"https:\/\/secure.gravatar.com\/avatar\/988cc68d97727f2265e15e4e04f35d45d93f5493d81192c37b6fcdf6407dba8c?s=96&d=mm&r=g","contentUrl":"https:\/\/secure.gravatar.com\/avatar\/988cc68d97727f2265e15e4e04f35d45d93f5493d81192c37b6fcdf6407dba8c?s=96&d=mm&r=g","caption":"admin"},"sameAs":["http:\/\/ameghino.uno"],"url":"https:\/\/ameghino.uno\/index.php\/author\/admin\/"}]}},"_links":{"self":[{"href":"https:\/\/ameghino.uno\/index.php\/wp-json\/wp\/v2\/posts\/782","targetHints":{"allow":["GET"]}}],"collection":[{"href":"https:\/\/ameghino.uno\/index.php\/wp-json\/wp\/v2\/posts"}],"about":[{"href":"https:\/\/ameghino.uno\/index.php\/wp-json\/wp\/v2\/types\/post"}],"author":[{"embeddable":true,"href":"https:\/\/ameghino.uno\/index.php\/wp-json\/wp\/v2\/users\/1"}],"replies":[{"embeddable":true,"href":"https:\/\/ameghino.uno\/index.php\/wp-json\/wp\/v2\/comments?post=782"}],"version-history":[{"count":0,"href":"https:\/\/ameghino.uno\/index.php\/wp-json\/wp\/v2\/posts\/782\/revisions"}],"wp:featuredmedia":[{"embeddable":true,"href":"https:\/\/ameghino.uno\/index.php\/wp-json\/wp\/v2\/media\/783"}],"wp:attachment":[{"href":"https:\/\/ameghino.uno\/index.php\/wp-json\/wp\/v2\/media?parent=782"}],"wp:term":[{"taxonomy":"category","embeddable":true,"href":"https:\/\/ameghino.uno\/index.php\/wp-json\/wp\/v2\/categories?post=782"},{"taxonomy":"post_tag","embeddable":true,"href":"https:\/\/ameghino.uno\/index.php\/wp-json\/wp\/v2\/tags?post=782"}],"curies":[{"name":"wp","href":"https:\/\/api.w.org\/{rel}","templated":true}]}}