{"id":780,"date":"2025-11-25T07:25:02","date_gmt":"2025-11-25T10:25:02","guid":{"rendered":"https:\/\/ameghino.uno\/index.php\/2025\/11\/25\/f-ameghino-detuvieron-a-un-joven-acusado-de-golpear-y-amenazar-a-su-pareja\/"},"modified":"2025-11-25T07:25:02","modified_gmt":"2025-11-25T10:25:02","slug":"f-ameghino-detuvieron-a-un-joven-acusado-de-golpear-y-amenazar-a-su-pareja","status":"publish","type":"post","link":"https:\/\/ameghino.uno\/index.php\/2025\/11\/25\/f-ameghino-detuvieron-a-un-joven-acusado-de-golpear-y-amenazar-a-su-pareja\/","title":{"rendered":"F. AMEGHINO: Detuvieron a un joven acusado de golpear y amenazar a su pareja"},"content":{"rendered":"<div>\n<p><strong>MISIONES.UNO | La v\u00edctima, de 23 a\u00f1os, denunci\u00f3 que su pareja la golpe\u00f3, destruy\u00f3 muebles y la amenaz\u00f3 de muerte en una vivienda de Paraje Puerto Rosario; tras ser asistida en el Hospital, la Polic\u00eda detuvo al agresor, que qued\u00f3 a disposici\u00f3n de la Justicia.<\/strong><\/p>\n<hr>\n<p>Una joven de 23 a\u00f1os denunci\u00f3 haber sido brutalmente agredida por su pareja durante una discusi\u00f3n en una vivienda del paraje Puerto Rosario, en jurisdicci\u00f3n de Florentino Ameghino. El acusado, tambi\u00e9n de 23 a\u00f1os, fue detenido horas despu\u00e9s por la Polic\u00eda de Misiones y permanece alojado en una comisar\u00eda a disposici\u00f3n de la Justicia.<\/p>\n<p>Seg\u00fan consta en la denuncia, el hecho ocurri\u00f3 anoche cuando, en medio de una fuerte discusi\u00f3n, el joven reaccion\u00f3 de manera violenta, golpeando a la mujer con pu\u00f1os y patadas. Adem\u00e1s, caus\u00f3 destrozos en el interior de la vivienda y la habr\u00eda amenazado de muerte si relataba lo sucedido a las autoridades.<\/p>\n<p>Temiendo por su integridad f\u00edsica, la v\u00edctima decidi\u00f3 presentarse esta ma\u00f1ana ante la Polic\u00eda local. Los efectivos la contuvieron y la trasladaron de inmediato al hospital, donde fue examinada por el m\u00e9dico de guardia. El profesional constat\u00f3 la presencia de hematomas en los labios, el cuello y en los miembros superiores.<\/p>\n<p>Paralelamente, se inici\u00f3 un operativo para ubicar al presunto agresor. Con la colaboraci\u00f3n del personal de la Divisi\u00f3n Delitos Rurales, los uniformados lograron localizarlo y proceder a su detenci\u00f3n.<\/p>\n<p>El joven fue trasladado a la dependencia policial, donde qued\u00f3 tras las rejas a disposici\u00f3n de la magistratura interviniente. La causa fue caratulada como agresi\u00f3n y amenazas en el contexto de violencia de g\u00e9nero.<\/p>\n<\/div>\n","protected":false},"excerpt":{"rendered":"<p>MISIONES.UNO | La v\u00edctima, de 23 a\u00f1os, denunci\u00f3 que su  [&#8230;]<\/p>\n","protected":false},"author":1,"featured_media":781,"comment_status":"closed","ping_status":"closed","sticky":false,"template":"","format":"standard","meta":{"fifu_image_url":"","fifu_image_alt":"","footnotes":""},"categories":[118,15],"tags":[],"class_list":["post-780","post","type-post","status-publish","format-standard","has-post-thumbnail","hentry","category-f-ameghino","category-policiales"],"acf":[],"yoast_head":"<!-- This site is optimized with the Yoast SEO plugin v26.8 - https:\/\/yoast.com\/product\/yoast-seo-wordpress\/ -->\n<title>F. AMEGHINO: Detuvieron a un joven acusado de golpear y amenazar a su pareja - Ameghino .UNO - Red Misiones.uno<\/title>\n<meta name=\"robots\" content=\"index, follow, max-snippet:-1, max-image-preview:large, max-video-preview:-1\" \/>\n<link rel=\"canonical\" href=\"https:\/\/ameghino.uno\/index.php\/2025\/11\/25\/f-ameghino-detuvieron-a-un-joven-acusado-de-golpear-y-amenazar-a-su-pareja\/\" \/>\n<meta property=\"og:locale\" content=\"es_ES\" \/>\n<meta property=\"og:type\" content=\"article\" \/>\n<meta property=\"og:title\" content=\"F. AMEGHINO: Detuvieron a un joven acusado de golpear y amenazar a su pareja - Ameghino .UNO - Red Misiones.uno\" \/>\n<meta property=\"og:description\" content=\"MISIONES.UNO | La v\u00edctima, de 23 a\u00f1os, denunci\u00f3 que su [...]\" \/>\n<meta property=\"og:url\" content=\"https:\/\/ameghino.uno\/index.php\/2025\/11\/25\/f-ameghino-detuvieron-a-un-joven-acusado-de-golpear-y-amenazar-a-su-pareja\/\" \/>\n<meta property=\"og:site_name\" content=\"Ameghino .UNO - Red Misiones.uno\" \/>\n<meta property=\"article:published_time\" content=\"2025-11-25T10:25:02+00:00\" \/>\n<meta name=\"author\" content=\"admin\" \/>\n<meta name=\"twitter:card\" content=\"summary_large_image\" \/>\n<meta name=\"twitter:label1\" content=\"Escrito por\" \/>\n\t<meta name=\"twitter:data1\" content=\"admin\" \/>\n\t<meta name=\"twitter:label2\" content=\"Tiempo de lectura\" \/>\n\t<meta name=\"twitter:data2\" content=\"1 minuto\" \/>\n<script type=\"application\/ld+json\" class=\"yoast-schema-graph\">{\"@context\":\"https:\/\/schema.org\",\"@graph\":[{\"@type\":\"Article\",\"@id\":\"https:\/\/ameghino.uno\/index.php\/2025\/11\/25\/f-ameghino-detuvieron-a-un-joven-acusado-de-golpear-y-amenazar-a-su-pareja\/#article\",\"isPartOf\":{\"@id\":\"https:\/\/ameghino.uno\/index.php\/2025\/11\/25\/f-ameghino-detuvieron-a-un-joven-acusado-de-golpear-y-amenazar-a-su-pareja\/\"},\"author\":{\"name\":\"admin\",\"@id\":\"https:\/\/ameghino.uno\/#\/schema\/person\/34d9a5f64b4e1aec8cf2f7b857eb3fc2\"},\"headline\":\"F. AMEGHINO: Detuvieron a un joven acusado de golpear y amenazar a su pareja\",\"datePublished\":\"2025-11-25T10:25:02+00:00\",\"mainEntityOfPage\":{\"@id\":\"https:\/\/ameghino.uno\/index.php\/2025\/11\/25\/f-ameghino-detuvieron-a-un-joven-acusado-de-golpear-y-amenazar-a-su-pareja\/\"},\"wordCount\":305,\"image\":{\"@id\":\"https:\/\/ameghino.uno\/index.php\/2025\/11\/25\/f-ameghino-detuvieron-a-un-joven-acusado-de-golpear-y-amenazar-a-su-pareja\/#primaryimage\"},\"thumbnailUrl\":\"https:\/\/ameghino.uno\/wp-content\/uploads\/2026\/02\/POLICIALES-159.jpg\",\"articleSection\":[\"F. Ameghino\",\"Policiales\"],\"inLanguage\":\"es-AR\"},{\"@type\":\"WebPage\",\"@id\":\"https:\/\/ameghino.uno\/index.php\/2025\/11\/25\/f-ameghino-detuvieron-a-un-joven-acusado-de-golpear-y-amenazar-a-su-pareja\/\",\"url\":\"https:\/\/ameghino.uno\/index.php\/2025\/11\/25\/f-ameghino-detuvieron-a-un-joven-acusado-de-golpear-y-amenazar-a-su-pareja\/\",\"name\":\"F. AMEGHINO: Detuvieron a un joven acusado de golpear y amenazar a su pareja - Ameghino .UNO - Red Misiones.uno\",\"isPartOf\":{\"@id\":\"https:\/\/ameghino.uno\/#website\"},\"primaryImageOfPage\":{\"@id\":\"https:\/\/ameghino.uno\/index.php\/2025\/11\/25\/f-ameghino-detuvieron-a-un-joven-acusado-de-golpear-y-amenazar-a-su-pareja\/#primaryimage\"},\"image\":{\"@id\":\"https:\/\/ameghino.uno\/index.php\/2025\/11\/25\/f-ameghino-detuvieron-a-un-joven-acusado-de-golpear-y-amenazar-a-su-pareja\/#primaryimage\"},\"thumbnailUrl\":\"https:\/\/ameghino.uno\/wp-content\/uploads\/2026\/02\/POLICIALES-159.jpg\",\"datePublished\":\"2025-11-25T10:25:02+00:00\",\"author\":{\"@id\":\"https:\/\/ameghino.uno\/#\/schema\/person\/34d9a5f64b4e1aec8cf2f7b857eb3fc2\"},\"breadcrumb\":{\"@id\":\"https:\/\/ameghino.uno\/index.php\/2025\/11\/25\/f-ameghino-detuvieron-a-un-joven-acusado-de-golpear-y-amenazar-a-su-pareja\/#breadcrumb\"},\"inLanguage\":\"es-AR\",\"potentialAction\":[{\"@type\":\"ReadAction\",\"target\":[\"https:\/\/ameghino.uno\/index.php\/2025\/11\/25\/f-ameghino-detuvieron-a-un-joven-acusado-de-golpear-y-amenazar-a-su-pareja\/\"]}]},{\"@type\":\"ImageObject\",\"inLanguage\":\"es-AR\",\"@id\":\"https:\/\/ameghino.uno\/index.php\/2025\/11\/25\/f-ameghino-detuvieron-a-un-joven-acusado-de-golpear-y-amenazar-a-su-pareja\/#primaryimage\",\"url\":\"https:\/\/ameghino.uno\/wp-content\/uploads\/2026\/02\/POLICIALES-159.jpg\",\"contentUrl\":\"https:\/\/ameghino.uno\/wp-content\/uploads\/2026\/02\/POLICIALES-159.jpg\",\"width\":640,\"height\":800},{\"@type\":\"BreadcrumbList\",\"@id\":\"https:\/\/ameghino.uno\/index.php\/2025\/11\/25\/f-ameghino-detuvieron-a-un-joven-acusado-de-golpear-y-amenazar-a-su-pareja\/#breadcrumb\",\"itemListElement\":[{\"@type\":\"ListItem\",\"position\":1,\"name\":\"Inicio\",\"item\":\"https:\/\/ameghino.uno\/\"},{\"@type\":\"ListItem\",\"position\":2,\"name\":\"F. AMEGHINO: Detuvieron a un joven acusado de golpear y amenazar a su pareja\"}]},{\"@type\":\"WebSite\",\"@id\":\"https:\/\/ameghino.uno\/#website\",\"url\":\"https:\/\/ameghino.uno\/\",\"name\":\"Ameghino .UNO - Red Misiones.uno\",\"description\":\"Noticias de Florentino Ameghino\",\"potentialAction\":[{\"@type\":\"SearchAction\",\"target\":{\"@type\":\"EntryPoint\",\"urlTemplate\":\"https:\/\/ameghino.uno\/?s={search_term_string}\"},\"query-input\":{\"@type\":\"PropertyValueSpecification\",\"valueRequired\":true,\"valueName\":\"search_term_string\"}}],\"inLanguage\":\"es-AR\"},{\"@type\":\"Person\",\"@id\":\"https:\/\/ameghino.uno\/#\/schema\/person\/34d9a5f64b4e1aec8cf2f7b857eb3fc2\",\"name\":\"admin\",\"image\":{\"@type\":\"ImageObject\",\"inLanguage\":\"es-AR\",\"@id\":\"https:\/\/ameghino.uno\/#\/schema\/person\/image\/\",\"url\":\"https:\/\/secure.gravatar.com\/avatar\/988cc68d97727f2265e15e4e04f35d45d93f5493d81192c37b6fcdf6407dba8c?s=96&d=mm&r=g\",\"contentUrl\":\"https:\/\/secure.gravatar.com\/avatar\/988cc68d97727f2265e15e4e04f35d45d93f5493d81192c37b6fcdf6407dba8c?s=96&d=mm&r=g\",\"caption\":\"admin\"},\"sameAs\":[\"http:\/\/ameghino.uno\"],\"url\":\"https:\/\/ameghino.uno\/index.php\/author\/admin\/\"}]}<\/script>\n<!-- \/ Yoast SEO plugin. -->","yoast_head_json":{"title":"F. AMEGHINO: Detuvieron a un joven acusado de golpear y amenazar a su pareja - Ameghino .UNO - Red Misiones.uno","robots":{"index":"index","follow":"follow","max-snippet":"max-snippet:-1","max-image-preview":"max-image-preview:large","max-video-preview":"max-video-preview:-1"},"canonical":"https:\/\/ameghino.uno\/index.php\/2025\/11\/25\/f-ameghino-detuvieron-a-un-joven-acusado-de-golpear-y-amenazar-a-su-pareja\/","og_locale":"es_ES","og_type":"article","og_title":"F. AMEGHINO: Detuvieron a un joven acusado de golpear y amenazar a su pareja - Ameghino .UNO - Red Misiones.uno","og_description":"MISIONES.UNO | La v\u00edctima, de 23 a\u00f1os, denunci\u00f3 que su [...]","og_url":"https:\/\/ameghino.uno\/index.php\/2025\/11\/25\/f-ameghino-detuvieron-a-un-joven-acusado-de-golpear-y-amenazar-a-su-pareja\/","og_site_name":"Ameghino .UNO - Red Misiones.uno","article_published_time":"2025-11-25T10:25:02+00:00","author":"admin","twitter_card":"summary_large_image","twitter_misc":{"Escrito por":"admin","Tiempo de lectura":"1 minuto"},"schema":{"@context":"https:\/\/schema.org","@graph":[{"@type":"Article","@id":"https:\/\/ameghino.uno\/index.php\/2025\/11\/25\/f-ameghino-detuvieron-a-un-joven-acusado-de-golpear-y-amenazar-a-su-pareja\/#article","isPartOf":{"@id":"https:\/\/ameghino.uno\/index.php\/2025\/11\/25\/f-ameghino-detuvieron-a-un-joven-acusado-de-golpear-y-amenazar-a-su-pareja\/"},"author":{"name":"admin","@id":"https:\/\/ameghino.uno\/#\/schema\/person\/34d9a5f64b4e1aec8cf2f7b857eb3fc2"},"headline":"F. AMEGHINO: Detuvieron a un joven acusado de golpear y amenazar a su pareja","datePublished":"2025-11-25T10:25:02+00:00","mainEntityOfPage":{"@id":"https:\/\/ameghino.uno\/index.php\/2025\/11\/25\/f-ameghino-detuvieron-a-un-joven-acusado-de-golpear-y-amenazar-a-su-pareja\/"},"wordCount":305,"image":{"@id":"https:\/\/ameghino.uno\/index.php\/2025\/11\/25\/f-ameghino-detuvieron-a-un-joven-acusado-de-golpear-y-amenazar-a-su-pareja\/#primaryimage"},"thumbnailUrl":"https:\/\/ameghino.uno\/wp-content\/uploads\/2026\/02\/POLICIALES-159.jpg","articleSection":["F. Ameghino","Policiales"],"inLanguage":"es-AR"},{"@type":"WebPage","@id":"https:\/\/ameghino.uno\/index.php\/2025\/11\/25\/f-ameghino-detuvieron-a-un-joven-acusado-de-golpear-y-amenazar-a-su-pareja\/","url":"https:\/\/ameghino.uno\/index.php\/2025\/11\/25\/f-ameghino-detuvieron-a-un-joven-acusado-de-golpear-y-amenazar-a-su-pareja\/","name":"F. AMEGHINO: Detuvieron a un joven acusado de golpear y amenazar a su pareja - Ameghino .UNO - Red Misiones.uno","isPartOf":{"@id":"https:\/\/ameghino.uno\/#website"},"primaryImageOfPage":{"@id":"https:\/\/ameghino.uno\/index.php\/2025\/11\/25\/f-ameghino-detuvieron-a-un-joven-acusado-de-golpear-y-amenazar-a-su-pareja\/#primaryimage"},"image":{"@id":"https:\/\/ameghino.uno\/index.php\/2025\/11\/25\/f-ameghino-detuvieron-a-un-joven-acusado-de-golpear-y-amenazar-a-su-pareja\/#primaryimage"},"thumbnailUrl":"https:\/\/ameghino.uno\/wp-content\/uploads\/2026\/02\/POLICIALES-159.jpg","datePublished":"2025-11-25T10:25:02+00:00","author":{"@id":"https:\/\/ameghino.uno\/#\/schema\/person\/34d9a5f64b4e1aec8cf2f7b857eb3fc2"},"breadcrumb":{"@id":"https:\/\/ameghino.uno\/index.php\/2025\/11\/25\/f-ameghino-detuvieron-a-un-joven-acusado-de-golpear-y-amenazar-a-su-pareja\/#breadcrumb"},"inLanguage":"es-AR","potentialAction":[{"@type":"ReadAction","target":["https:\/\/ameghino.uno\/index.php\/2025\/11\/25\/f-ameghino-detuvieron-a-un-joven-acusado-de-golpear-y-amenazar-a-su-pareja\/"]}]},{"@type":"ImageObject","inLanguage":"es-AR","@id":"https:\/\/ameghino.uno\/index.php\/2025\/11\/25\/f-ameghino-detuvieron-a-un-joven-acusado-de-golpear-y-amenazar-a-su-pareja\/#primaryimage","url":"https:\/\/ameghino.uno\/wp-content\/uploads\/2026\/02\/POLICIALES-159.jpg","contentUrl":"https:\/\/ameghino.uno\/wp-content\/uploads\/2026\/02\/POLICIALES-159.jpg","width":640,"height":800},{"@type":"BreadcrumbList","@id":"https:\/\/ameghino.uno\/index.php\/2025\/11\/25\/f-ameghino-detuvieron-a-un-joven-acusado-de-golpear-y-amenazar-a-su-pareja\/#breadcrumb","itemListElement":[{"@type":"ListItem","position":1,"name":"Inicio","item":"https:\/\/ameghino.uno\/"},{"@type":"ListItem","position":2,"name":"F. AMEGHINO: Detuvieron a un joven acusado de golpear y amenazar a su pareja"}]},{"@type":"WebSite","@id":"https:\/\/ameghino.uno\/#website","url":"https:\/\/ameghino.uno\/","name":"Ameghino .UNO - Red Misiones.uno","description":"Noticias de Florentino Ameghino","potentialAction":[{"@type":"SearchAction","target":{"@type":"EntryPoint","urlTemplate":"https:\/\/ameghino.uno\/?s={search_term_string}"},"query-input":{"@type":"PropertyValueSpecification","valueRequired":true,"valueName":"search_term_string"}}],"inLanguage":"es-AR"},{"@type":"Person","@id":"https:\/\/ameghino.uno\/#\/schema\/person\/34d9a5f64b4e1aec8cf2f7b857eb3fc2","name":"admin","image":{"@type":"ImageObject","inLanguage":"es-AR","@id":"https:\/\/ameghino.uno\/#\/schema\/person\/image\/","url":"https:\/\/secure.gravatar.com\/avatar\/988cc68d97727f2265e15e4e04f35d45d93f5493d81192c37b6fcdf6407dba8c?s=96&d=mm&r=g","contentUrl":"https:\/\/secure.gravatar.com\/avatar\/988cc68d97727f2265e15e4e04f35d45d93f5493d81192c37b6fcdf6407dba8c?s=96&d=mm&r=g","caption":"admin"},"sameAs":["http:\/\/ameghino.uno"],"url":"https:\/\/ameghino.uno\/index.php\/author\/admin\/"}]}},"_links":{"self":[{"href":"https:\/\/ameghino.uno\/index.php\/wp-json\/wp\/v2\/posts\/780","targetHints":{"allow":["GET"]}}],"collection":[{"href":"https:\/\/ameghino.uno\/index.php\/wp-json\/wp\/v2\/posts"}],"about":[{"href":"https:\/\/ameghino.uno\/index.php\/wp-json\/wp\/v2\/types\/post"}],"author":[{"embeddable":true,"href":"https:\/\/ameghino.uno\/index.php\/wp-json\/wp\/v2\/users\/1"}],"replies":[{"embeddable":true,"href":"https:\/\/ameghino.uno\/index.php\/wp-json\/wp\/v2\/comments?post=780"}],"version-history":[{"count":0,"href":"https:\/\/ameghino.uno\/index.php\/wp-json\/wp\/v2\/posts\/780\/revisions"}],"wp:featuredmedia":[{"embeddable":true,"href":"https:\/\/ameghino.uno\/index.php\/wp-json\/wp\/v2\/media\/781"}],"wp:attachment":[{"href":"https:\/\/ameghino.uno\/index.php\/wp-json\/wp\/v2\/media?parent=780"}],"wp:term":[{"taxonomy":"category","embeddable":true,"href":"https:\/\/ameghino.uno\/index.php\/wp-json\/wp\/v2\/categories?post=780"},{"taxonomy":"post_tag","embeddable":true,"href":"https:\/\/ameghino.uno\/index.php\/wp-json\/wp\/v2\/tags?post=780"}],"curies":[{"name":"wp","href":"https:\/\/api.w.org\/{rel}","templated":true}]}}